{"id":13471,"date":"2026-07-17T06:30:19","date_gmt":"2026-07-17T06:30:19","guid":{"rendered":"\/dexxit\/?p=13471"},"modified":"2026-07-29T11:27:01","modified_gmt":"2026-07-29T11:27:01","slug":"ifa-2026","status":"publish","type":"post","link":"\/dexxit\/ifa-2026\/","title":{"rendered":"IFA 2026"},"content":{"rendered":"<div style=\"font-family: 'Segoe UI', Roboto, Helvetica, Arial, sans-serif; line-height: 1.6; color: #1f2937; max-width: 1100px; margin: 20px auto; background: #ffffff; border: 1px solid #e5e7eb; border-radius: 12px; overflow: hidden; box-shadow: 0 6px 18px rgba(0,0,0,0.06);\">\n<div style=\"padding: 34px 28px; text-align: center; background: linear-gradient(180deg, #f8fafc 0%, #ffffff 100%); border-bottom: 1px solid #edf2f7;\">\n<h1 style=\"margin: 0 0 12px 0; font-size: 2rem; line-height: 1.2; color: #1389c9; font-weight: bold;\">IFA 2026: Entdecken. Vernetzen. Durchstarten \u2013 mit dexxIT.<\/h1>\n<\/div>\n<div style=\"padding: 34px 30px;\">\n<p style=\"margin: 0 0 18px 0; text-align: center; font-size: 1.05rem; color: #374151;\">Die IFA 2026 steht vor der T\u00fcr \u2013 und wir freuen uns darauf, Sie auch in diesem Jahr wieder pers\u00f6nlich auf der Messe begr\u00fc\u00dfen zu d\u00fcrfen.<\/p>\n<p style=\"margin: 0 0 18px 0; text-align: center; font-size: 1.05rem; color: #374151;\">Besuchen Sie uns in <strong>Halle 3.2, Stand 125<\/strong> und entdecken Sie spannende Neuheiten, starke Marken und innovative Produkte aus unserem Portfolio.<\/p>\n<p style=\"margin: 0 0 18px 0; text-align: center; font-size: 1.05rem; color: #374151;\">Vor Ort sind wir gemeinsam mit zahlreichen renommierten Herstellern vertreten, darunter unter anderem <strong>ICY BOX (RaidSonic)<\/strong>, <strong>ADATA<\/strong>, <strong>DDC mit den Marken Conceptronic, EQUIP und LevelOne<\/strong>, <strong>Withings<\/strong>, <strong>Verbatim<\/strong>, <strong>Canon<\/strong> sowie viele weitere Partner. Nutzen Sie die Gelegenheit zum direkten Austausch mit unserem Team und unseren Partnern und erleben Sie Produktneuheiten hautnah.<\/p>\n<div style=\"padding: 24px 18px; text-align: center; border-bottom: 1px solid #edf2f7;\">\n<h2 style=\"margin: 0 0 10px 0; font-size: 2rem; line-height: 1.2; color: #1389c9; font-weight: bold;\">Sichern Sie sich jetzt Ihren exklusiven Termin.<\/h2>\n<\/div>\n\n<style type=\"text\/css\" data-created_by=\"avia_inline_auto\" id=\"style-css-av-gs9zhx-ebe532e12ca82f9839cacc0b50ad8f70\">\n#top .hr.hr-invisible.av-gs9zhx-ebe532e12ca82f9839cacc0b50ad8f70{\nheight:44px;\n}\n<\/style>\n<div  class='hr av-gs9zhx-ebe532e12ca82f9839cacc0b50ad8f70 hr-invisible  avia-builder-el-0  el_before_av_hr  avia-builder-el-first '><span class='hr-inner '><span class=\"hr-inner-style\"><\/span><\/span><\/div>\n<div style=\"text-align:center;margin-bottom:25px;\"><a href=\"https:\/\/shop.dexxit.de\/ifa\" target=\"_blank\" style=\"display:inline-block;padding:10px 28px;background:#0ea5e9;color:#fff;text-decoration:none;font-size:clamp(12px,2vw,15px);font-weight:700;border-radius:50px;transition:all 0.3s ease;box-shadow:0 4px 12px rgba(0,0,0,0.2);white-space:nowrap;\">Jetzt Termin buchen<\/a><\/div>\n<p><!--more--><\/p>\n<div style=\"height: 1px; background: #fff; margin: 28px 0;\"><\/div>\n<div style=\"display: grid; grid-template-columns: 1fr 1fr; gap: 18px; margin-bottom: 28px;\"><\/div>\n\n<style type=\"text\/css\" data-created_by=\"avia_inline_auto\" id=\"style-css-av-gs9zhx-1-4810f27f808592b0c6503c0614250acb\">\n#top .hr.hr-invisible.av-gs9zhx-1-4810f27f808592b0c6503c0614250acb{\nheight:30px;\n}\n<\/style>\n<div  class='hr av-gs9zhx-1-4810f27f808592b0c6503c0614250acb hr-invisible  avia-builder-el-1  el_after_av_hr  el_before_av_hr '><span class='hr-inner '><span class=\"hr-inner-style\"><\/span><\/span><\/div>\n<h2 style=\"margin: 0 0 18px 0; text-align: center; color: #0f172a; font-size: 1.35rem; font-weight: bold;\">Gemeinsam mit starken Partnern vor Ort:<\/h2>\n\n<style type=\"text\/css\" data-created_by=\"avia_inline_auto\" id=\"style-css-av-gs9zhx-1-1-b6650679f4caa8f803fa9eb355c72bc5\">\n#top .hr.hr-invisible.av-gs9zhx-1-1-b6650679f4caa8f803fa9eb355c72bc5{\nheight:20px;\n}\n<\/style>\n<div  class='hr av-gs9zhx-1-1-b6650679f4caa8f803fa9eb355c72bc5 hr-invisible  avia-builder-el-2  el_after_av_hr  el_before_av_hr '><span class='hr-inner '><span class=\"hr-inner-style\"><\/span><\/span><\/div>\n<div style=\"display: grid; grid-template-columns: repeat(4, 1fr); gap: 10px; margin-bottom: 28px;\">\n<div style=\"border: 1px solid #e5e7eb; border-radius: 8px; background: #fff; min-height: 72px; display: flex; align-items: center; justify-content: center; color: #64748b; font-size: 0.85rem; font-weight: bold;\"><img decoding=\"async\" style=\"max-width: 100%; max-height: 70px; display: block;\" src=\"\/dexxit\/wp-content\/uploads\/2026\/07\/ICY-BOX.png\" alt=\"Partnerlogo\" \/><\/div>\n<div style=\"border: 1px solid #e5e7eb; border-radius: 8px; background: #fff; min-height: 72px; display: flex; align-items: center; justify-content: center; color: #64748b; font-size: 0.85rem; font-weight: bold;\"><img decoding=\"async\" style=\"max-width: 100%; max-height: 70px; display: block;\" src=\"\/dexxit\/wp-content\/uploads\/2026\/07\/verbatim-logo.png\" alt=\"Partnerlogo\" \/><\/div>\n<div style=\"border: 1px solid #e5e7eb; border-radius: 8px; background: #fff; min-height: 72px; display: flex; align-items: center; justify-content: center; color: #64748b; font-size: 0.85rem; font-weight: bold;\"><img decoding=\"async\" style=\"max-width: 100%; max-height: 70px; display: block;\" src=\"\/dexxit\/wp-content\/uploads\/2026\/07\/equip-logo.png\" alt=\"Partnerlogo\" \/><\/div>\n<div style=\"border: 1px solid #e5e7eb; border-radius: 8px; background: #fff; min-height: 72px; display: flex; align-items: center; justify-content: center; color: #64748b; font-size: 0.85rem; font-weight: bold;\"><img decoding=\"async\" style=\"max-width: 100%; max-height: 70px; display: block;\" src=\"\/dexxit\/wp-content\/uploads\/2026\/07\/conceptronic-logo.png\" alt=\"Partnerlogo\" \/><\/div>\n<div style=\"border: 1px solid #e5e7eb; border-radius: 8px; background: #fff; min-height: 72px; display: flex; align-items: center; justify-content: center; color: #64748b; font-size: 0.85rem; font-weight: bold;\"><img decoding=\"async\" style=\"max-width: 100%; max-height: 70px; display: block;\" src=\"\/dexxit\/wp-content\/uploads\/2026\/07\/anycubic-logo.png\" alt=\"Partnerlogo\" \/><\/div>\n<div style=\"border: 1px solid #e5e7eb; border-radius: 8px; background: #fff; min-height: 72px; display: flex; align-items: center; justify-content: center; color: #64748b; font-size: 0.85rem; font-weight: bold;\"><img decoding=\"async\" style=\"max-width: 100%; max-height: 70px; display: block;\" src=\"\/dexxit\/wp-content\/uploads\/2026\/07\/level-one-logo.png\" alt=\"Partnerlogo\" \/><\/div>\n<div style=\"border: 1px solid #e5e7eb; border-radius: 8px; background: #fff; min-height: 72px; display: flex; align-items: center; justify-content: center; color: #64748b; font-size: 0.85rem; font-weight: bold;\"><img decoding=\"async\" style=\"max-width: 100%; max-height: 70px; display: block;\" src=\"\/dexxit\/wp-content\/uploads\/2026\/07\/bissel-logo.png\" alt=\"Partnerlogo\" \/><\/div>\n<div style=\"border: 1px solid #e5e7eb; border-radius: 8px; background: #fff; min-height: 72px; display: flex; align-items: center; justify-content: center; color: #64748b; font-size: 0.85rem; font-weight: bold;\"><img decoding=\"async\" style=\"max-width: 100%; max-height: 70px; display: block;\" src=\"\/dexxit\/wp-content\/uploads\/2026\/07\/marcato-logo.png\" alt=\"Partnerlogo\" \/><\/div>\n<div style=\"border: 1px solid #e5e7eb; border-radius: 8px; background: #fff; min-height: 72px; display: flex; align-items: center; justify-content: center; color: #64748b; font-size: 0.85rem; font-weight: bold;\"><img decoding=\"async\" style=\"max-width: 100%; max-height: 70px; display: block;\" src=\"\/dexxit\/wp-content\/uploads\/2026\/02\/adata600300.png\" alt=\"Partnerlogo\" \/><\/div>\n<div style=\"border: 1px solid #e5e7eb; border-radius: 8px; background: #fff; min-height: 72px; display: flex; align-items: center; justify-content: center; color: #64748b; font-size: 0.85rem; font-weight: bold;\"><img decoding=\"async\" style=\"max-width: 100%; max-height: 70px; display: block;\" src=\"\/dexxit\/wp-content\/uploads\/2026\/07\/withings-logo-1.png\" alt=\"Partnerlogo\" \/><\/div>\n<div style=\"border: 1px solid #e5e7eb; border-radius: 8px; background: #fff; min-height: 72px; display: flex; align-items: center; justify-content: center; color: #64748b; font-size: 0.85rem; font-weight: bold;\"><img decoding=\"async\" style=\"max-width: 100%; max-height: 75px; display: block;\" src=\"\/dexxit\/wp-content\/uploads\/2026\/07\/berkel-logo.png\" alt=\"Partnerlogo\" \/><\/div>\n<div style=\"border: 1px solid #e5e7eb; border-radius: 8px; background: #fff; min-height: 72px; display: flex; align-items: center; justify-content: center; color: #64748b; font-size: 0.85rem; font-weight: bold;\"><img decoding=\"async\" style=\"max-width: 100%; max-height: 70px; display: block;\" src=\"\/dexxit\/wp-content\/uploads\/2026\/07\/xtool-logo-1.png\" alt=\"Partnerlogo\" \/><\/div>\n<div style=\"border: 1px solid #e5e7eb; border-radius: 8px; background: #fff; min-height: 72px; display: flex; align-items: center; justify-content: center; color: #64748b; font-size: 0.85rem; font-weight: bold;\"><img decoding=\"async\" style=\"max-width: 100%; max-height: 70px; display: block;\" src=\"\/dexxit\/wp-content\/uploads\/2026\/07\/canon-logo-dexxit-90.png\" alt=\"Partnerlogo\" \/><\/div>\n<div style=\"border: 1px solid #e5e7eb; border-radius: 8px; background: #fff; min-height: 72px; display: flex; align-items: center; justify-content: center; color: #64748b; font-size: 0.85rem; font-weight: bold;\"><img decoding=\"async\" style=\"max-width: 100%; max-height: 70px; display: block;\" src=\"\/dexxit\/wp-content\/uploads\/2026\/07\/wenger-logo.png\" alt=\"Partnerlogo\" \/><\/div>\n<div style=\"border: 1px solid #e5e7eb; border-radius: 8px; background: #fff; min-height: 72px; display: flex; align-items: center; justify-content: center; color: #64748b; font-size: 0.85rem; font-weight: bold;\"><img decoding=\"async\" style=\"max-width: 100%; max-height: 70px; display: block;\" src=\"\/dexxit\/wp-content\/uploads\/2026\/07\/masterlock-logo.png\" alt=\"Partnerlogo\" \/><\/div>\n<div style=\"border: 1px solid #e5e7eb; border-radius: 8px; background: #fff; min-height: 72px; display: flex; align-items: center; justify-content: center; color: #64748b; font-size: 0.85rem; font-weight: bold;\"><img decoding=\"async\" style=\"max-width: 100%; max-height: 70px; display: block;\" src=\"\/dexxit\/wp-content\/uploads\/2026\/07\/infokus-logo.png\" alt=\"Partnerlogo\" \/><\/div>\n<\/div>\n\n<style type=\"text\/css\" data-created_by=\"avia_inline_auto\" id=\"style-css-av-gs9zhx-1-1-1-93c3193b6c8d55bb7b1234f4f1c954b3\">\n#top .hr.hr-invisible.av-gs9zhx-1-1-1-93c3193b6c8d55bb7b1234f4f1c954b3{\nheight:60px;\n}\n<\/style>\n<div  class='hr av-gs9zhx-1-1-1-93c3193b6c8d55bb7b1234f4f1c954b3 hr-invisible  avia-builder-el-3  el_after_av_hr  el_before_av_hr '><span class='hr-inner '><span class=\"hr-inner-style\"><\/span><\/span><\/div>\n<h2 style=\"margin: 0 0 18px 0; text-align: center; color: #0f172a; font-size: 1.35rem; font-weight: bold;\">Kulinarische Highlights am Wochenende<\/h2>\n<p style=\"margin: 0 0 18px 0; text-align: center; font-size: 1.05rem; color: #374151;\">F\u00fcr Ihr leibliches Wohl ist ebenfalls gesorgt \u2013 am Samstag und Sonntag erwarten Sie besondere Aktionen an unserem Stand:<\/p>\n<div style=\"height: 1px; background: #fff; margin: 28px 0;\"><\/div>\n<div style=\"display: grid; grid-template-columns: 1fr 1fr; gap: 18px; margin-bottom: 28px;\">\n<div style=\"background: #fff; border-radius: 12px; overflow: hidden; box-shadow: 0 4px 14px rgba(0,0,0,0.08);\"><img decoding=\"async\" style=\"display: block; width: 100%; height: auto;\" src=\"\/dexxit\/wp-content\/uploads\/2026\/07\/Essen-dexxIT-IFA-Messe-Berlin-2026.png\" alt=\"IFA Kachel 1\" \/><\/div>\n<div style=\"background: #fff; border-radius: 12px; overflow: hidden; box-shadow: 0 4px 14px rgba(0,0,0,0.08);\"><img decoding=\"async\" style=\"display: block; width: 100%; height: auto;\" src=\"\/dexxit\/wp-content\/uploads\/2026\/07\/Nespresso-dexxIT-IFA-Messe-Berlin-2026.png\" alt=\"IFA Kachel 2\" \/><\/div>\n<\/div>\n\n<style type=\"text\/css\" data-created_by=\"avia_inline_auto\" id=\"style-css-av-gs9zhx-2-77e4b93d99ffff8e98711d881bb08ae9\">\n#top .hr.hr-invisible.av-gs9zhx-2-77e4b93d99ffff8e98711d881bb08ae9{\nheight:30px;\n}\n<\/style>\n<div  class='hr av-gs9zhx-2-77e4b93d99ffff8e98711d881bb08ae9 hr-invisible  avia-builder-el-4  el_after_av_hr  el_before_av_hr '><span class='hr-inner '><span class=\"hr-inner-style\"><\/span><\/span><\/div>\n<p style=\"margin: 0 0 18px 0; text-align: center; font-size: 0.75rem; color: #374151;\">Besuchen Sie uns in Halle 3.2, Stand 125, und entdecken Sie spannende Neuheiten, innovative Produkte und starke Marken aus unserem Portfolio. Gemeinsam mit namhaften Herstellern pr\u00e4sentieren wir die neuesten Trends und L\u00f6sungen. Nutzen Sie die Gelegenheit zum pers\u00f6nlichen Austausch mit unserem Team und unseren Partnern vor Ort.<\/p>\n\n<style type=\"text\/css\" data-created_by=\"avia_inline_auto\" id=\"style-css-av-gs9zhx-1-1-1-1-ca7657b8f3f5e4e2e97bbb4077cf12e4\">\n#top .hr.hr-invisible.av-gs9zhx-1-1-1-1-ca7657b8f3f5e4e2e97bbb4077cf12e4{\nheight:60px;\n}\n<\/style>\n<div  class='hr av-gs9zhx-1-1-1-1-ca7657b8f3f5e4e2e97bbb4077cf12e4 hr-invisible  avia-builder-el-5  el_after_av_hr  avia-builder-el-last '><span class='hr-inner '><span class=\"hr-inner-style\"><\/span><\/span><\/div>\n<div style=\"display: flex; justify-content: center; align-items: center; gap: 79px; margin-top: 30px; margin-bottom: 10px; flex-wrap: wrap;\">\n<div style=\"display: flex; justify-content: center; align-items: center;\"><img decoding=\"async\" style=\"max-width: 160px; width: 100%; height: auto; display: block;\" src=\"\/dexxit\/wp-content\/uploads\/2026\/07\/dexxIT-logo-Ifa-8.png\" alt=\"dexxIT Logo\" \/><\/div>\n<div style=\"display: flex; justify-content: center; align-items: center;\"><img decoding=\"async\" style=\"max-width: 193px; width: 100%; height: auto; display: block;\" src=\"\/dexxit\/wp-content\/uploads\/2026\/07\/IFA-logo-dexxIT-Beitrag-8.png\" alt=\"IFA Logo\" \/><\/div>\n<\/div>\n<\/div>\n<\/div>\n","protected":false},"excerpt":{"rendered":"<p>IFA 2026: Entdecken. Vernetzen. Durchstarten \u2013 mit dexxIT. Die IFA 2026 steht vor der T\u00fcr \u2013 und wir freuen uns darauf, Sie auch in diesem Jahr wieder pers\u00f6nlich auf der Messe begr\u00fc\u00dfen zu d\u00fcrfen. Besuchen Sie uns in Halle 3.2, Stand 125 und entdecken Sie spannende Neuheiten, starke Marken und innovative Produkte aus unserem Portfolio. [&hellip;]<\/p>\n","protected":false},"author":7,"featured_media":13528,"comment_status":"closed","ping_status":"open","sticky":false,"template":"","format":"standard","meta":{"footnotes":""},"categories":[224,3,5],"tags":[],"class_list":["post-13471","post","type-post","status-publish","format-standard","has-post-thumbnail","hentry","category-aktuelles-trends","category-informationen-news","category-presse"],"_links":{"self":[{"href":"\/dexxit\/wp-json\/wp\/v2\/posts\/13471","targetHints":{"allow":["GET"]}}],"collection":[{"href":"\/dexxit\/wp-json\/wp\/v2\/posts"}],"about":[{"href":"\/dexxit\/wp-json\/wp\/v2\/types\/post"}],"author":[{"embeddable":true,"href":"\/dexxit\/wp-json\/wp\/v2\/users\/7"}],"replies":[{"embeddable":true,"href":"\/dexxit\/wp-json\/wp\/v2\/comments?post=13471"}],"version-history":[{"count":81,"href":"\/dexxit\/wp-json\/wp\/v2\/posts\/13471\/revisions"}],"predecessor-version":[{"id":13628,"href":"\/dexxit\/wp-json\/wp\/v2\/posts\/13471\/revisions\/13628"}],"wp:featuredmedia":[{"embeddable":true,"href":"\/dexxit\/wp-json\/wp\/v2\/media\/13528"}],"wp:attachment":[{"href":"\/dexxit\/wp-json\/wp\/v2\/media?parent=13471"}],"wp:term":[{"taxonomy":"category","embeddable":true,"href":"\/dexxit\/wp-json\/wp\/v2\/categories?post=13471"},{"taxonomy":"post_tag","embeddable":true,"href":"\/dexxit\/wp-json\/wp\/v2\/tags?post=13471"}],"curies":[{"name":"wp","href":"https:\/\/api.w.org\/{rel}","templated":true}]}}